{"id":2433,"date":"2023-03-21T15:00:44","date_gmt":"2023-03-21T14:00:44","guid":{"rendered":"https:\/\/www.communelabe.org\/web\/?p=2433"},"modified":"2023-06-10T00:57:02","modified_gmt":"2023-06-09T22:57:02","slug":"un-apercu-sur-quelques-activites-de-la-mairie-de-labe","status":"publish","type":"post","link":"https:\/\/www.communelabe.org\/web\/un-apercu-sur-quelques-activites-de-la-mairie-de-labe\/","title":{"rendered":"Un aper\u00e7u sur quelques activit\u00e9s de la Mairie de Lab\u00e9."},"content":{"rendered":"\n<figure class=\"wp-block-image size-full is-resized\"><img loading=\"lazy\" decoding=\"async\" src=\"https:\/\/www.communelabe.org\/web\/wp-content\/uploads\/2023\/03\/telechargement-1.jpg\" alt=\"\" class=\"wp-image-2459\" width=\"283\" height=\"212\"\/><figcaption class=\"wp-element-caption\">La rentr\u00e9e de la Mairie de Lab\u00e9<\/figcaption><\/figure>\n\n\n\n<p><strong>Install\u00e9 en novembre 2018, l\u2019\u00e9quipe du conseil communal de Lab\u00e9 a r\u00e9alis\u00e9 plusieurs activit\u00e9s planifi\u00e9es dans sa strat\u00e9gie d\u00e9veloppement local afin de r\u00e9pondre aux diff\u00e9rents besoins exprim\u00e9s par les citoyens.<\/strong> <strong>L\u2019\u00e9quipe du conseil communal vous pr\u00e9sentera progressivement son bilan de 2019 \u00e0 nos jours. Dans ce pr\u00e9sent article, les autorit\u00e9s communales mettent l\u2019accent sur quelques r\u00e9alisations, notamment&nbsp;la construction d\u2019une cl\u00f4ture de 700 ml \u00e0 l\u2019\u00e9cole primaire de Kouroula, la r\u00e9habilitation du coll\u00e8ge (R+1) de Hoggo M\u2019Bour\u00f4, la construction et l\u2019\u00e9quipement d\u2019un centre de sant\u00e9 plus une salle de tris, un puits am\u00e9lior\u00e9 \u00e9quip\u00e9 de pompe et ch\u00e2teau, un bloc latrines de trois cabines, plus une fausse d\u2019incin\u00e9ration et une cl\u00f4ture grillag\u00e9e de 400 ml dans le quartier Safatou 2, la construction et l\u2019\u00e9quipement d\u2019une \u00e9cole primaire de trois salle de classe, une direction, un magasin, un puits am\u00e9lior\u00e9 \u00e9quip\u00e9 de pompe Vergnet, un bloc de latrine de cinq cabine, plus une cl\u00f4ture grillag\u00e9 de 400 ml, dans le quartier Doghnol Day\u00e8bh\u00e8.&nbsp;<\/strong><\/p>\n\n\n\n<p><strong>Construction d\u2019une cl\u00f4ture de 700 ml \u00e0 &nbsp;l\u2019\u00e9cole primaire de Kouroula&nbsp;<\/strong><\/p>\n\n\n\n<figure class=\"wp-block-image size-large\"><img loading=\"lazy\" decoding=\"async\" width=\"1024\" height=\"768\" src=\"https:\/\/www.communelabe.org\/web\/wp-content\/uploads\/2023\/03\/20201228_181207-1024x768.jpg\" alt=\"\" class=\"wp-image-2434\" srcset=\"https:\/\/www.communelabe.org\/web\/wp-content\/uploads\/2023\/03\/20201228_181207-1024x768.jpg 1024w, https:\/\/www.communelabe.org\/web\/wp-content\/uploads\/2023\/03\/20201228_181207-300x225.jpg 300w, https:\/\/www.communelabe.org\/web\/wp-content\/uploads\/2023\/03\/20201228_181207-768x576.jpg 768w, https:\/\/www.communelabe.org\/web\/wp-content\/uploads\/2023\/03\/20201228_181207-1536x1152.jpg 1536w, https:\/\/www.communelabe.org\/web\/wp-content\/uploads\/2023\/03\/20201228_181207-2048x1536.jpg 2048w\" sizes=\"(max-width: 1024px) 100vw, 1024px\" \/><figcaption class=\"wp-element-caption\">La rentr\u00e9e de l&rsquo;\u00e9cole primaire de Kouroula<\/figcaption><\/figure>\n\n\n\n<p>Construite en 1901 par les colonisateurs Fran\u00e7ais, l\u2019\u00e9cole primaire de Kouroula situ\u00e9e au centre urbain \u00e9tait une \u00e9cole r\u00e9gionale qui recevait les enfants de Tougu\u00e9, Mali, T\u00e9lemel\u00e9, Labe, Lelouma, Koubia\u2026 elle a contribu\u00e9 \u00e0 la formation d\u2019\u00e9minents cadres de dimension nationale, continentale et internationale. Cadres de par leurs cultures ont \u0153uvr\u00e9 pour l\u2019\u00e9mancipation de l\u2019Afrique toute enti\u00e8re. Ces cadres sont entre autres le c\u00e9l\u00e8bre d\u00e9put\u00e9 guin\u00e9en \u00e0 l\u2019Assembl\u00e9e Territoriale Fran\u00e7aise Yacine Diallo, Mr Sa\u00effoulaye Diallo 1<sup>er<\/sup> pr\u00e9sident de l\u2019Assembl\u00e9e Nationale de la Guin\u00e9e Ind\u00e9pendante, du Professeur Ibrahima Kaba Bah et tant d\u2019autres.<\/p>\n\n\n\n<p>A son arriv\u00e9e, l\u2019\u00e9quipe du conseil communal a trouv\u00e9 que l\u2019\u00e9cole primaire de Kouroula \u00e9tait d\u00e9pourvue de cl\u00f4ture et d\u2019\u00e9lectricit\u00e9, mais aussi, elle n\u2019\u00e9tait pas du tout s\u00e9curis\u00e9e, c\u2019est ce qui l\u2019exposait \u00e0 des menaces d\u2019incendie de vol de document et les jeunes \u00e9coliers sont souvent victimes d\u2019accidents de circulation compte tenu de la position g\u00e9ographique de cet important \u00e9tablissement scolaire urbain.<\/p>\n\n\n\n<figure class=\"wp-block-image size-large\"><img loading=\"lazy\" decoding=\"async\" width=\"1024\" height=\"768\" src=\"https:\/\/www.communelabe.org\/web\/wp-content\/uploads\/2023\/03\/20201228_180827-1024x768.jpg\" alt=\"\" class=\"wp-image-2435\" srcset=\"https:\/\/www.communelabe.org\/web\/wp-content\/uploads\/2023\/03\/20201228_180827-1024x768.jpg 1024w, https:\/\/www.communelabe.org\/web\/wp-content\/uploads\/2023\/03\/20201228_180827-300x225.jpg 300w, https:\/\/www.communelabe.org\/web\/wp-content\/uploads\/2023\/03\/20201228_180827-768x576.jpg 768w, https:\/\/www.communelabe.org\/web\/wp-content\/uploads\/2023\/03\/20201228_180827-1536x1152.jpg 1536w, https:\/\/www.communelabe.org\/web\/wp-content\/uploads\/2023\/03\/20201228_180827-2048x1536.jpg 2048w\" sizes=\"(max-width: 1024px) 100vw, 1024px\" \/><figcaption class=\"wp-element-caption\">Une partie de la cl\u00f4ture de l&rsquo;\u00e9cole primaire <\/figcaption><\/figure>\n\n\n\n<p>C\u2019est ainsi, que l\u2019\u00e9quipe du conseil communal a jug\u00e9 n\u00e9cessaire de lancer en 2019 en tenant compte de son Plan Annuel d\u2019Investissement, des travaux de cl\u00f4ture de l\u2019\u00e9cole de Kouroula \u00e0 travers l\u2019 appui de l\u2019 Agence National de Financement des Collectivit\u00e9s (ANAFIC) avec une baguette &nbsp;financi\u00e8re de 761&nbsp;231&nbsp;300 francs guin\u00e9es pour &nbsp;la r\u00e9alisation de cette cl\u00f4ture de 700 ml qui a permis aujourd\u2019hui\u2019 hui de&nbsp;:<\/p>\n\n\n\n<ul class=\"wp-block-list\">\n<li>assurer la s\u00e9curisation des enfants en les prot\u00e9geant contre les accidents de circulation fr\u00e9quents dont ils \u00e9taient pr\u00e9alablement victimes<\/li>\n\n\n\n<li>emp\u00eacher l\u2019intrusion\/divagation &nbsp;des animaux dans l\u2019enceinte<\/li>\n\n\n\n<li>garantir la protection des personnes et les \u00e9quipements de l\u2019\u00e9cole<\/li>\n\n\n\n<li>cr\u00e9er un environnement d\u2019apprentissage adapt\u00e9 aux enfants<\/li>\n\n\n\n<li>assurer un meilleur encadrement des jeunes \u00e9l\u00e8ves &nbsp;<\/li>\n\n\n\n<li>r\u00e9glementer l\u2019acc\u00e8s aux visiteurs<\/li>\n<\/ul>\n\n\n\n<p>Suite \u00e0 la session de passation du march\u00e9, l\u2019<strong>Entreprise DICO BTP<\/strong> a \u00e9t\u00e9 l\u2019heureux r\u00e9cipiendaire de la r\u00e9alisation de ces travaux&nbsp; cit\u00e9s ci-dessus.<\/p>\n\n\n\n<p><\/p>\n\n\n\n<figure class=\"wp-block-image size-large\"><img loading=\"lazy\" decoding=\"async\" width=\"1024\" height=\"461\" src=\"https:\/\/www.communelabe.org\/web\/wp-content\/uploads\/2023\/03\/WhatsApp-Image-2023-03-20-at-14.36.00-1024x461.jpeg\" alt=\"\" class=\"wp-image-2436\" srcset=\"https:\/\/www.communelabe.org\/web\/wp-content\/uploads\/2023\/03\/WhatsApp-Image-2023-03-20-at-14.36.00-1024x461.jpeg 1024w, https:\/\/www.communelabe.org\/web\/wp-content\/uploads\/2023\/03\/WhatsApp-Image-2023-03-20-at-14.36.00-300x135.jpeg 300w, https:\/\/www.communelabe.org\/web\/wp-content\/uploads\/2023\/03\/WhatsApp-Image-2023-03-20-at-14.36.00-768x346.jpeg 768w, https:\/\/www.communelabe.org\/web\/wp-content\/uploads\/2023\/03\/WhatsApp-Image-2023-03-20-at-14.36.00.jpeg 1080w\" sizes=\"(max-width: 1024px) 100vw, 1024px\" \/><figcaption class=\"wp-element-caption\">Trois salles de classes construites par la Mairie<\/figcaption><\/figure>\n\n\n\n<p>En plus des travaux de cl\u00f4ture, l\u2019\u00e9quipe du conseil communal a fait la construction de trois salles de classes et la r\u00e9novation des autres salles de classes qui existaient &nbsp;\u00e0 l\u2019\u00e9cole primaire de Kouroula. La construction des trois salles de classes \u00e9tait l\u2019une des priorit\u00e9s phares de l\u2019\u00e9quipe communale, ainsi que la r\u00e9novation avec le soutien de l\u2019UNICEF.<\/p>\n\n\n\n<figure class=\"wp-block-image size-large\"><img loading=\"lazy\" decoding=\"async\" width=\"1024\" height=\"473\" src=\"https:\/\/www.communelabe.org\/web\/wp-content\/uploads\/2023\/03\/276256297_1666323243707211_7231168222015515837_n-1024x473.jpg\" alt=\"\" class=\"wp-image-2437\" srcset=\"https:\/\/www.communelabe.org\/web\/wp-content\/uploads\/2023\/03\/276256297_1666323243707211_7231168222015515837_n-1024x473.jpg 1024w, https:\/\/www.communelabe.org\/web\/wp-content\/uploads\/2023\/03\/276256297_1666323243707211_7231168222015515837_n-300x138.jpg 300w, https:\/\/www.communelabe.org\/web\/wp-content\/uploads\/2023\/03\/276256297_1666323243707211_7231168222015515837_n-768x355.jpg 768w, https:\/\/www.communelabe.org\/web\/wp-content\/uploads\/2023\/03\/276256297_1666323243707211_7231168222015515837_n.jpg 1536w\" sizes=\"(max-width: 1024px) 100vw, 1024px\" \/><figcaption class=\"wp-element-caption\">R\u00e9novation des salles de classes<\/figcaption><\/figure>\n\n\n\n<figure class=\"wp-block-image size-large\"><img loading=\"lazy\" decoding=\"async\" width=\"1024\" height=\"473\" src=\"https:\/\/www.communelabe.org\/web\/wp-content\/uploads\/2023\/03\/277096494_1666323310373871_3611851419444908089_n-1024x473.jpg\" alt=\"\" class=\"wp-image-2438\" srcset=\"https:\/\/www.communelabe.org\/web\/wp-content\/uploads\/2023\/03\/277096494_1666323310373871_3611851419444908089_n-1024x473.jpg 1024w, https:\/\/www.communelabe.org\/web\/wp-content\/uploads\/2023\/03\/277096494_1666323310373871_3611851419444908089_n-300x138.jpg 300w, https:\/\/www.communelabe.org\/web\/wp-content\/uploads\/2023\/03\/277096494_1666323310373871_3611851419444908089_n-768x355.jpg 768w, https:\/\/www.communelabe.org\/web\/wp-content\/uploads\/2023\/03\/277096494_1666323310373871_3611851419444908089_n.jpg 1536w\" sizes=\"(max-width: 1024px) 100vw, 1024px\" \/><figcaption class=\"wp-element-caption\">Ecole Kouroula<\/figcaption><\/figure>\n\n\n\n<p><strong>R\u00e9habilitation du coll\u00e8ge (R+1) de Hoggo M\u2019Bour\u00f4, quartier mairie, commune urbaine de Lab\u00e9<\/strong><\/p>\n\n\n\n<p>Le coll\u00e8ge Hoggo M\u2019Bour\u00f4 situ\u00e9 au centre urbain de Lab\u00e9, est un \u00e9tablissement public construit \u00e0 l\u2019occasion de la mise en \u0153uvre&nbsp; du premier plan triennal de la Guin\u00e9e ind\u00e9pendante dans les ann\u00e9es 60.<\/p>\n\n\n\n<figure class=\"wp-block-image size-full is-resized\"><img loading=\"lazy\" decoding=\"async\" src=\"https:\/\/www.communelabe.org\/web\/wp-content\/uploads\/2023\/03\/telechargement.jpg\" alt=\"\" class=\"wp-image-2439\" width=\"270\" height=\"202\"\/><\/figure>\n\n\n\n<p>Suite au r\u00e9sultat du diagnostic participatif communautaire du quartier Mairie, la r\u00e9habilitation du coll\u00e8ge est apparue comme l\u2019une des principales actions prioritaires du Plan de D\u00e9veloppement du Quartier (PDQ).<\/p>\n\n\n\n<p>Ainsi, lors du forum communal d\u2019\u00e9laboration du Plan de D\u00e9veloppement Local (PDL) 2020-2024 la commune a retenu les travaux de r\u00e9habilitation du coll\u00e8ge (R+1) de Hoggo M\u2019Bour\u00f4, comme \u00e9tant une action prioritaire qui r\u00e9pond aux pr\u00e9occupations de l\u2019ensemble des citoyens de la commune Urbaine de Lab\u00e9<\/p>\n\n\n\n<p>Car le constat d\u2019alors \u00e9tait alarmant &nbsp;\u00ab&nbsp;risque d\u2019effondrement de l\u2019infrastructure d\u00fb \u00e0 son vieillissement, fissure sur les murs\u2026&nbsp;\u00bb<\/p>\n\n\n\n<figure class=\"wp-block-image size-large\"><img loading=\"lazy\" decoding=\"async\" width=\"1024\" height=\"768\" src=\"https:\/\/www.communelabe.org\/web\/wp-content\/uploads\/2023\/03\/20201228_180025-1024x768.jpg\" alt=\"\" class=\"wp-image-2440\" srcset=\"https:\/\/www.communelabe.org\/web\/wp-content\/uploads\/2023\/03\/20201228_180025-1024x768.jpg 1024w, https:\/\/www.communelabe.org\/web\/wp-content\/uploads\/2023\/03\/20201228_180025-300x225.jpg 300w, https:\/\/www.communelabe.org\/web\/wp-content\/uploads\/2023\/03\/20201228_180025-768x576.jpg 768w, https:\/\/www.communelabe.org\/web\/wp-content\/uploads\/2023\/03\/20201228_180025-1536x1152.jpg 1536w, https:\/\/www.communelabe.org\/web\/wp-content\/uploads\/2023\/03\/20201228_180025-2048x1536.jpg 2048w\" sizes=\"(max-width: 1024px) 100vw, 1024px\" \/><figcaption class=\"wp-element-caption\">R\u00e9novation du b\u00e2timent du coll\u00e8ge Hoggo M&rsquo;Bour\u00f4<\/figcaption><\/figure>\n\n\n\n<p>Pour r\u00e9pondre aux besoins exprim\u00e9s par les citoyens de la commune urbaine, l\u2019\u00e9quipe du conseil communal &nbsp;\u00e0 lancer les travaux de r\u00e9habilitation du coll\u00e8ge \u00e0 travers un Dossier d\u2019Appel d\u2019Offre (DAO) \u00e9largi ou plusieurs PME ont competi par lesquelles l\u2019entreprise <strong>AB ARCH CONSTRUCTION<\/strong> a \u00e9t\u00e9 retenue pour l\u2019ex\u00e9cution des dits travaux \u00e0 hauteur d\u2019une enveloppe financi\u00e8re &nbsp;de 871&nbsp;445&nbsp;500&nbsp; francs guin\u00e9es.<\/p>\n\n\n\n<figure class=\"wp-block-image size-large\"><img loading=\"lazy\" decoding=\"async\" width=\"1024\" height=\"768\" src=\"https:\/\/www.communelabe.org\/web\/wp-content\/uploads\/2023\/03\/20201228_180057-1024x768.jpg\" alt=\"\" class=\"wp-image-2441\" srcset=\"https:\/\/www.communelabe.org\/web\/wp-content\/uploads\/2023\/03\/20201228_180057-1024x768.jpg 1024w, https:\/\/www.communelabe.org\/web\/wp-content\/uploads\/2023\/03\/20201228_180057-300x225.jpg 300w, https:\/\/www.communelabe.org\/web\/wp-content\/uploads\/2023\/03\/20201228_180057-768x576.jpg 768w, https:\/\/www.communelabe.org\/web\/wp-content\/uploads\/2023\/03\/20201228_180057-1536x1152.jpg 1536w, https:\/\/www.communelabe.org\/web\/wp-content\/uploads\/2023\/03\/20201228_180057-2048x1536.jpg 2048w\" sizes=\"(max-width: 1024px) 100vw, 1024px\" \/><figcaption class=\"wp-element-caption\">B\u00e2timent du coll\u00e8ge Hoggo M&rsquo;Bour\u00f4 r\u00e9nov\u00e9 <\/figcaption><\/figure>\n\n\n\n<p><strong>La construction et \u00e9quipement d\u2019un centre de sant\u00e9 plus une salle de tris, plus un puits am\u00e9lior\u00e9 \u00e9quip\u00e9 de pompe et ch\u00e2teau, plus un bloc latrine de trois cabine, plus une fausse d\u2019incin\u00e9ration et une cl\u00f4ture grillag\u00e9e de 400 ml dans le quartier Safatou&nbsp;2<\/strong>.<\/p>\n\n\n\n<p>Les r\u00e9sultats du diagnostic participatif communautaire dans le quartier Safatou 2 ont permis d\u2019identifier les besoins prioritaires de la localit\u00e9.<\/p>\n\n\n\n<figure class=\"wp-block-image size-large\"><img loading=\"lazy\" decoding=\"async\" width=\"1024\" height=\"768\" src=\"https:\/\/www.communelabe.org\/web\/wp-content\/uploads\/2023\/03\/20201228_170931-1024x768.jpg\" alt=\"\" class=\"wp-image-2443\" srcset=\"https:\/\/www.communelabe.org\/web\/wp-content\/uploads\/2023\/03\/20201228_170931-1024x768.jpg 1024w, https:\/\/www.communelabe.org\/web\/wp-content\/uploads\/2023\/03\/20201228_170931-300x225.jpg 300w, https:\/\/www.communelabe.org\/web\/wp-content\/uploads\/2023\/03\/20201228_170931-768x576.jpg 768w, https:\/\/www.communelabe.org\/web\/wp-content\/uploads\/2023\/03\/20201228_170931-1536x1152.jpg 1536w, https:\/\/www.communelabe.org\/web\/wp-content\/uploads\/2023\/03\/20201228_170931-2048x1536.jpg 2048w\" sizes=\"(max-width: 1024px) 100vw, 1024px\" \/><figcaption class=\"wp-element-caption\">Centre de sant\u00e9 quartier Safatou 2<\/figcaption><\/figure>\n\n\n\n<p>A travers le constat, les habitants de Safatou 2 et des secteurs environnants \u00e9taient expos\u00e9s \u00e0 une forte prolif\u00e9ration des maladies (paludisme, diarrh\u00e9e, des parasites\u2026). Pour acc\u00e9der aux soins sanitaires, ils \u00e9taient contraints de&nbsp; parcourir environs une dizaine de kilom\u00e8tre pour rejoindre le centre de sant\u00e9 de P\u00e9llel qui \u00e9tait le plus proche. Cela d\u00e9notait un taux de &nbsp;mortalit\u00e9 maternelle et infantile tr\u00e8s \u00e9lev\u00e9.<\/p>\n\n\n\n<p>Pour anticiper \u00e0 la r\u00e9solution partielle de cette probl\u00e9matique sanitaire, la population locale avait d\u00e9j\u00e0 pris l\u2019initiative de mettre en place un poste de sant\u00e9 avec les moyens de bord, tout en prenant en charge son fonctionnement.<\/p>\n\n\n\n<p>Le diagnostic participatif communautaire r\u00e9alis\u00e9 dans la zone n\u2019a fait que confirmer cette probl\u00e9matique prioritaire.<\/p>\n\n\n\n<p>Cela a \u00e9t\u00e9 valid\u00e9 \u00e0 l\u2019occasion du forum d\u2019\u00e9laboration du Plan de D\u00e9veloppement Local (PDL) de la session du conseil communal dans son Plan d\u2019Action d\u2019Investissement (PAI) 2019-2020.<\/p>\n\n\n\n<p>Ainsi, un processus de lancement d\u2019un <strong>Dossier d\u2019Appel d\u2019Offre<\/strong> (DAO) a \u00e9t\u00e9 r\u00e9alis\u00e9 suite auquel,&nbsp; l\u2019entreprise&nbsp;<strong>ENGUICOP TP<\/strong> a \u00e9t\u00e9 retenue parmi tant d\u2019autres. Le co\u00fbt d\u2019ex\u00e9cution de cette infrastructure sanitaire s\u2019\u00e9l\u00e8ve \u00e0 un montant &nbsp;879&nbsp;000&nbsp;000 francs guin\u00e9ens.<\/p>\n\n\n\n<figure class=\"wp-block-image size-large\"><img loading=\"lazy\" decoding=\"async\" width=\"1024\" height=\"768\" src=\"https:\/\/www.communelabe.org\/web\/wp-content\/uploads\/2023\/03\/20201228_171820-1024x768.jpg\" alt=\"\" class=\"wp-image-2444\" srcset=\"https:\/\/www.communelabe.org\/web\/wp-content\/uploads\/2023\/03\/20201228_171820-1024x768.jpg 1024w, https:\/\/www.communelabe.org\/web\/wp-content\/uploads\/2023\/03\/20201228_171820-300x225.jpg 300w, https:\/\/www.communelabe.org\/web\/wp-content\/uploads\/2023\/03\/20201228_171820-768x576.jpg 768w, https:\/\/www.communelabe.org\/web\/wp-content\/uploads\/2023\/03\/20201228_171820-1536x1152.jpg 1536w, https:\/\/www.communelabe.org\/web\/wp-content\/uploads\/2023\/03\/20201228_171820-2048x1536.jpg 2048w\" sizes=\"(max-width: 1024px) 100vw, 1024px\" \/><\/figure>\n\n\n\n<figure class=\"wp-block-image size-large is-resized\"><img loading=\"lazy\" decoding=\"async\" src=\"https:\/\/www.communelabe.org\/web\/wp-content\/uploads\/2023\/03\/20201228_171631-1024x768.jpg\" alt=\"\" class=\"wp-image-2445\" width=\"840\" height=\"630\" srcset=\"https:\/\/www.communelabe.org\/web\/wp-content\/uploads\/2023\/03\/20201228_171631-1024x768.jpg 1024w, https:\/\/www.communelabe.org\/web\/wp-content\/uploads\/2023\/03\/20201228_171631-300x225.jpg 300w, https:\/\/www.communelabe.org\/web\/wp-content\/uploads\/2023\/03\/20201228_171631-768x576.jpg 768w, https:\/\/www.communelabe.org\/web\/wp-content\/uploads\/2023\/03\/20201228_171631-1536x1152.jpg 1536w, https:\/\/www.communelabe.org\/web\/wp-content\/uploads\/2023\/03\/20201228_171631-2048x1536.jpg 2048w\" sizes=\"(max-width: 840px) 100vw, 840px\" \/><figcaption class=\"wp-element-caption\">Equipement du centre de sant\u00e9<\/figcaption><\/figure>\n\n\n\n<figure class=\"wp-block-image size-large\"><img loading=\"lazy\" decoding=\"async\" width=\"768\" height=\"1024\" src=\"https:\/\/www.communelabe.org\/web\/wp-content\/uploads\/2023\/03\/20201228_171240-768x1024.jpg\" alt=\"\" class=\"wp-image-2446\" srcset=\"https:\/\/www.communelabe.org\/web\/wp-content\/uploads\/2023\/03\/20201228_171240-768x1024.jpg 768w, https:\/\/www.communelabe.org\/web\/wp-content\/uploads\/2023\/03\/20201228_171240-225x300.jpg 225w, https:\/\/www.communelabe.org\/web\/wp-content\/uploads\/2023\/03\/20201228_171240-1152x1536.jpg 1152w, https:\/\/www.communelabe.org\/web\/wp-content\/uploads\/2023\/03\/20201228_171240-1536x2048.jpg 1536w, https:\/\/www.communelabe.org\/web\/wp-content\/uploads\/2023\/03\/20201228_171240-scaled.jpg 1920w\" sizes=\"(max-width: 768px) 100vw, 768px\" \/><figcaption class=\"wp-element-caption\"><strong>Un puits am\u00e9lior\u00e9 \u00e9quip\u00e9 de pompe et ch\u00e2teau<\/strong><\/figcaption><\/figure>\n\n\n\n<figure class=\"wp-block-image size-large\"><img loading=\"lazy\" decoding=\"async\" width=\"1024\" height=\"768\" src=\"https:\/\/www.communelabe.org\/web\/wp-content\/uploads\/2023\/03\/20201228_171359-1024x768.jpg\" alt=\"\" class=\"wp-image-2447\" srcset=\"https:\/\/www.communelabe.org\/web\/wp-content\/uploads\/2023\/03\/20201228_171359-1024x768.jpg 1024w, https:\/\/www.communelabe.org\/web\/wp-content\/uploads\/2023\/03\/20201228_171359-300x225.jpg 300w, https:\/\/www.communelabe.org\/web\/wp-content\/uploads\/2023\/03\/20201228_171359-768x576.jpg 768w, https:\/\/www.communelabe.org\/web\/wp-content\/uploads\/2023\/03\/20201228_171359-1536x1152.jpg 1536w, https:\/\/www.communelabe.org\/web\/wp-content\/uploads\/2023\/03\/20201228_171359-2048x1536.jpg 2048w\" sizes=\"(max-width: 1024px) 100vw, 1024px\" \/><figcaption class=\"wp-element-caption\">Un <strong>bloc latrines de trois cabine<\/strong>s<\/figcaption><\/figure>\n\n\n\n<p>La construction de ce centre de sant\u00e9 r\u00e9pond aux diff\u00e9rents besoins en mati\u00e8re de sant\u00e9 des citoyens de Safatou 2. Car il favorise un acc\u00e8s aux soins basiques des habitants.<\/p>\n\n\n\n<p><strong>La construction et \u00e9quipement d\u2019une \u00e9cole primaire de trois salle de classe, plus une direction, plus un magasin, plus un puits am\u00e9lior\u00e9 et \u00e9quip\u00e9e de pompe Vergnet, plus un bloc de latrines de cinq cabines, plus une cl\u00f4ture grillag\u00e9 de 400 ml, quartier Doghnol Day\u00e8bh\u00e8<\/strong><\/p>\n\n\n\n<p>Situ\u00e9e \u00e0 une dizaine de kilom\u00e8tre du centre-ville de Lab\u00e9, Doghnol Day\u00e8bh\u00e8 est l\u2019un des quartiers le plus enclav\u00e9, avec un taux de scolarisation faible. Cela se traduisait par une forte d\u00e9perdition scolaire d\u00fb \u00e0 un manque de groupe p\u00e9dagogique pour le cycle primaire. Car il y avait que trois classes (1<sup>er<\/sup>, 2<sup>\u00e8me<\/sup> et 3<sup>\u00e8me <\/sup>ann\u00e9e). <\/p>\n\n\n\n<figure class=\"wp-block-image size-large\"><img loading=\"lazy\" decoding=\"async\" width=\"1024\" height=\"768\" src=\"https:\/\/www.communelabe.org\/web\/wp-content\/uploads\/2023\/03\/20201228_160104-3-1024x768.jpg\" alt=\"\" class=\"wp-image-2454\" srcset=\"https:\/\/www.communelabe.org\/web\/wp-content\/uploads\/2023\/03\/20201228_160104-3-1024x768.jpg 1024w, https:\/\/www.communelabe.org\/web\/wp-content\/uploads\/2023\/03\/20201228_160104-3-300x225.jpg 300w, https:\/\/www.communelabe.org\/web\/wp-content\/uploads\/2023\/03\/20201228_160104-3-768x576.jpg 768w, https:\/\/www.communelabe.org\/web\/wp-content\/uploads\/2023\/03\/20201228_160104-3-1536x1152.jpg 1536w, https:\/\/www.communelabe.org\/web\/wp-content\/uploads\/2023\/03\/20201228_160104-3-2048x1536.jpg 2048w\" sizes=\"(max-width: 1024px) 100vw, 1024px\" \/><\/figure>\n\n\n\n<p>Pour compl\u00e9ter le cycle du primaire, le conseil communal lors de son forum d\u2019\u00e9laboration du PDL et de la validation du PAI 2019-2020, &nbsp;a approuv\u00e9 \u00e0 l\u2019unanimit\u00e9 les travaux de construction et l\u2019\u00e9quipement d\u2019une \u00e9cole primaire de trois salles de classe, plus une direction, plus un magasin, plus un puits am\u00e9lior\u00e9 et \u00e9quip\u00e9e de pompe Vergnet, plus un bloc de latrine de cinq cabine, plus une cl\u00f4ture grillag\u00e9 de 400 ml, quartier Doghnol Day\u00e8bh\u00e9.<\/p>\n\n\n\n<p>Cela a \u00e9t\u00e9 rendu effectif \u00e0 travers un DAO lanc\u00e9 par la Mairie pour la s\u00e9lection d\u2019une PME d\u2019ex\u00e9cution de ces travaux cit\u00e9s ci-hauts pour un co\u00fbt financier &nbsp;501&nbsp;000&nbsp;000 francs guin\u00e9ens. L\u2019heureux r\u00e9cipiendaire de cette&nbsp; \u0153uvre \u00e9tait l\u2019entreprise&nbsp;<strong>GUESS COM.<\/strong><\/p>\n\n\n\n<figure class=\"wp-block-image size-large\"><img loading=\"lazy\" decoding=\"async\" width=\"1024\" height=\"768\" src=\"https:\/\/www.communelabe.org\/web\/wp-content\/uploads\/2023\/03\/20201228_160609-2-1024x768.jpg\" alt=\"\" class=\"wp-image-2456\" srcset=\"https:\/\/www.communelabe.org\/web\/wp-content\/uploads\/2023\/03\/20201228_160609-2-1024x768.jpg 1024w, https:\/\/www.communelabe.org\/web\/wp-content\/uploads\/2023\/03\/20201228_160609-2-300x225.jpg 300w, https:\/\/www.communelabe.org\/web\/wp-content\/uploads\/2023\/03\/20201228_160609-2-768x576.jpg 768w, https:\/\/www.communelabe.org\/web\/wp-content\/uploads\/2023\/03\/20201228_160609-2-1536x1152.jpg 1536w, https:\/\/www.communelabe.org\/web\/wp-content\/uploads\/2023\/03\/20201228_160609-2-2048x1536.jpg 2048w\" sizes=\"(max-width: 1024px) 100vw, 1024px\" \/><figcaption class=\"wp-element-caption\"><strong>un puits am\u00e9lior\u00e9 et \u00e9quip\u00e9e de pompe Vergnet<\/strong><\/figcaption><\/figure>\n\n\n\n<p>A suivre pour la suite des activit\u00e9s&#8230;.<\/p>\n","protected":false},"excerpt":{"rendered":"<p>Install\u00e9 en novembre 2018, l\u2019\u00e9quipe du conseil communal de Lab\u00e9 a r\u00e9alis\u00e9 plusieurs activit\u00e9s planifi\u00e9es dans sa strat\u00e9gie d\u00e9veloppement local afin de r\u00e9pondre aux diff\u00e9rents besoins exprim\u00e9s par les citoyens. L\u2019\u00e9quipe du conseil communal vous pr\u00e9sentera progressivement son bilan de 2019 \u00e0 nos jours. Dans ce pr\u00e9sent article, les autorit\u00e9s communales mettent l\u2019accent sur quelques [&hellip;]<\/p>\n","protected":false},"author":3,"featured_media":0,"comment_status":"open","ping_status":"open","sticky":false,"template":"","format":"standard","meta":{"saved_in_kubio":false,"footnotes":""},"categories":[3],"tags":[],"class_list":["post-2433","post","type-post","status-publish","format-standard","hentry","category-actualites"],"views":1328,"_links":{"self":[{"href":"https:\/\/www.communelabe.org\/web\/wp-json\/wp\/v2\/posts\/2433","targetHints":{"allow":["GET"]}}],"collection":[{"href":"https:\/\/www.communelabe.org\/web\/wp-json\/wp\/v2\/posts"}],"about":[{"href":"https:\/\/www.communelabe.org\/web\/wp-json\/wp\/v2\/types\/post"}],"author":[{"embeddable":true,"href":"https:\/\/www.communelabe.org\/web\/wp-json\/wp\/v2\/users\/3"}],"replies":[{"embeddable":true,"href":"https:\/\/www.communelabe.org\/web\/wp-json\/wp\/v2\/comments?post=2433"}],"version-history":[{"count":10,"href":"https:\/\/www.communelabe.org\/web\/wp-json\/wp\/v2\/posts\/2433\/revisions"}],"predecessor-version":[{"id":2475,"href":"https:\/\/www.communelabe.org\/web\/wp-json\/wp\/v2\/posts\/2433\/revisions\/2475"}],"wp:attachment":[{"href":"https:\/\/www.communelabe.org\/web\/wp-json\/wp\/v2\/media?parent=2433"}],"wp:term":[{"taxonomy":"category","embeddable":true,"href":"https:\/\/www.communelabe.org\/web\/wp-json\/wp\/v2\/categories?post=2433"},{"taxonomy":"post_tag","embeddable":true,"href":"https:\/\/www.communelabe.org\/web\/wp-json\/wp\/v2\/tags?post=2433"}],"curies":[{"name":"wp","href":"https:\/\/api.w.org\/{rel}","templated":true}]}}