{"id":2476,"date":"2023-06-05T02:42:11","date_gmt":"2023-06-05T00:42:11","guid":{"rendered":"https:\/\/www.communelabe.org\/web\/?p=2476"},"modified":"2023-06-05T23:14:15","modified_gmt":"2023-06-05T21:14:15","slug":"elaboration-dun-plan-dassainissement-de-la-ville-horizon-2030-bientot-operationnel","status":"publish","type":"post","link":"https:\/\/www.communelabe.org\/web\/elaboration-dun-plan-dassainissement-de-la-ville-horizon-2030-bientot-operationnel\/","title":{"rendered":"\u00c9laboration d\u2019un plan d\u2019assainissement de la ville horizon 2030, bient\u00f4t op\u00e9rationnel."},"content":{"rendered":"\n<div class=\"wp-block-cover is-light\" style=\"min-height:430px;aspect-ratio:unset;\"><span aria-hidden=\"true\" class=\"wp-block-cover__background has-background-dim\"><\/span><img loading=\"lazy\" decoding=\"async\" width=\"960\" height=\"720\" class=\"wp-block-cover__image-background wp-image-2477\" alt=\"\" src=\"https:\/\/www.communelabe.org\/web\/wp-content\/uploads\/2023\/06\/image.jpg\" data-object-fit=\"cover\" srcset=\"https:\/\/www.communelabe.org\/web\/wp-content\/uploads\/2023\/06\/image.jpg 960w, https:\/\/www.communelabe.org\/web\/wp-content\/uploads\/2023\/06\/image-300x225.jpg 300w, https:\/\/www.communelabe.org\/web\/wp-content\/uploads\/2023\/06\/image-768x576.jpg 768w\" sizes=\"(max-width: 960px) 100vw, 960px\" \/><div class=\"wp-block-cover__inner-container is-layout-flow wp-block-cover-is-layout-flow\">\n<p class=\"has-text-align-center has-large-font-size\"><\/p>\n<\/div><\/div>\n\n\n\n<p class=\"has-text-align-center\">Image: en action d&rsquo;assainissement le maire de Lab\u00e9<\/p>\n\n\n\n<p><strong>Une session d&rsquo;\u00e9laboration d&rsquo;un plan d&rsquo;assainissement et de gestion des d\u00e9chets (PAGD) horizon 2030 de la commune urbaine de Lab\u00e9 a lieu ce mercr\u00e9di 31 mai 2023 &nbsp;dans le cadre du Programme d&rsquo;Appui \u00e0 la Gouvernance des Organisations de la soci\u00e9t\u00e9 civile pour le D\u00e9veloppement Durable (PAGODD). Ce programme implique tous les acteurs de la cha\u00eene d&rsquo;assainissement de la ville. Une approche holistique qui va largement permettre de faire face \u00e0 la probl\u00e9matique de l&rsquo;assainissement de la cit\u00e9 de Karamoko Alpha Mo Lab\u00e9. En plus des efforts engag\u00e9s par l&rsquo;\u00e9quipe du conseil communal en mati\u00e8re d&rsquo;assainissement. Cette rencontre a connu la participation du Maire, Monsieur Mamadou Aliou Laly Diallo accompagn\u00e9 par quelques conseillers de la municipalit\u00e9.<\/strong><\/p>\n\n\n\n<figure class=\"wp-block-gallery has-nested-images columns-default is-cropped wp-block-gallery-1 is-layout-flex wp-block-gallery-is-layout-flex\">\n<figure class=\"wp-block-image size-large\"><img loading=\"lazy\" decoding=\"async\" width=\"1024\" height=\"461\" data-id=\"2478\" src=\"https:\/\/www.communelabe.org\/web\/wp-content\/uploads\/2023\/06\/WhatsApp-Image-2023-06-05-at-00.22.22-1024x461.jpeg\" alt=\"\" class=\"wp-image-2478\" srcset=\"https:\/\/www.communelabe.org\/web\/wp-content\/uploads\/2023\/06\/WhatsApp-Image-2023-06-05-at-00.22.22-1024x461.jpeg 1024w, https:\/\/www.communelabe.org\/web\/wp-content\/uploads\/2023\/06\/WhatsApp-Image-2023-06-05-at-00.22.22-300x135.jpeg 300w, https:\/\/www.communelabe.org\/web\/wp-content\/uploads\/2023\/06\/WhatsApp-Image-2023-06-05-at-00.22.22-768x346.jpeg 768w, https:\/\/www.communelabe.org\/web\/wp-content\/uploads\/2023\/06\/WhatsApp-Image-2023-06-05-at-00.22.22.jpeg 1080w\" sizes=\"(max-width: 1024px) 100vw, 1024px\" \/><\/figure>\n<\/figure>\n\n\n\n<p class=\"has-text-align-center\">image de l&rsquo;atelier d&rsquo;\u00e9laboration du plan d&rsquo;assainissement et de gestion des d\u00e9chets<\/p>\n\n\n\n<p class=\"has-text-align-left\">Dans le cadre de l\u2019\u00e9laboration du plan d\u2019assainissement de la ville de Lab\u00e9, la mairie a r\u00e9uni un certains nombres d\u2019acteurs cl\u00e9s issus de divers secteurs&nbsp;: les services techniques d\u00e9concentr\u00e9s, les organisations de la soci\u00e9t\u00e9 civiles, les PME impliqu\u00e9es dans la gestion des d\u00e9chets, les acteurs de l\u2019environnement, la direction de l\u2019habitat, et les partenaires techniques et financiers qui seront charg\u00e9s de d\u00e9finir un plan d\u2019assainissement et la gestion des d\u00e9chets horizon 2030. Ibrahima Diallo, conseiller technique \u00e0 la Mairie de Lab\u00e9 explique le programme&nbsp;\u00ab&nbsp;les s\u00e9ries de rencontres ont commenc\u00e9 il y a un peu plus de deux mois. Nous proc\u00e9dons \u00e0 une approche participative pour aider la mairie de Lab\u00e9 \u00e0 obtenir un plan d\u2019assainissement et de gestion des d\u00e9chets. Il est pr\u00e9vu des s\u00e9ries d\u2019atelier permettant aux diff\u00e9rents acteurs impliqu\u00e9s dans le processus \u00e0 aboutir \u00e0 l\u2019\u00e9laboration du plan\u2026 pour comprendre les enjeux et les d\u00e9fis \u00e0 relever.&nbsp;\u00bb<\/p>\n\n\n\n<p>Prenant part \u00e0 cette importante rencontre, le premier responsable de la Mairie, Monsieur <a href=\"https:\/\/www.facebook.com\/mamadoualioulaly.diallo\" data-type=\"URL\" data-id=\"https:\/\/www.facebook.com\/mamadoualioulaly.diallo\">Mamadou Aliou Laly Diallo<\/a> a livr\u00e9 ces sentiments en remerciant l\u2019ensemble des acteurs qui ont pris part \u00e0 cette session autour de l\u2019assainissement\u00a0 tout en expliquant la vision de la commune pour le d\u00e9veloppement \u00ab\u00a0je suis conscient tant qu\u2019on ne mobilise pas les techniciens n\u00e9cessaires comme vous, on ne pourrait jamais ambitionner des plans de d\u00e9veloppement. C\u2019est pourquoi, je tiens \u00e0 vous remercier tout en mesurant la port\u00e9e de ce que vous \u00eates en train de faire pour notre Lab\u00e9\u00a0\u00bb<\/p>\n\n\n\n<figure class=\"wp-block-image size-large\"><img loading=\"lazy\" decoding=\"async\" width=\"1024\" height=\"683\" src=\"https:\/\/www.communelabe.org\/web\/wp-content\/uploads\/2023\/06\/332903262_971340790520771_1590556161938454005_n-1024x683.jpg\" alt=\"\" class=\"wp-image-2482\" srcset=\"https:\/\/www.communelabe.org\/web\/wp-content\/uploads\/2023\/06\/332903262_971340790520771_1590556161938454005_n-1024x683.jpg 1024w, https:\/\/www.communelabe.org\/web\/wp-content\/uploads\/2023\/06\/332903262_971340790520771_1590556161938454005_n-300x200.jpg 300w, https:\/\/www.communelabe.org\/web\/wp-content\/uploads\/2023\/06\/332903262_971340790520771_1590556161938454005_n-768x512.jpg 768w, https:\/\/www.communelabe.org\/web\/wp-content\/uploads\/2023\/06\/332903262_971340790520771_1590556161938454005_n-1536x1024.jpg 1536w, https:\/\/www.communelabe.org\/web\/wp-content\/uploads\/2023\/06\/332903262_971340790520771_1590556161938454005_n.jpg 2048w\" sizes=\"(max-width: 1024px) 100vw, 1024px\" \/><\/figure>\n\n\n\n<p>Poursuivant le maire a remerci\u00e9 au nom de l\u2019\u00e9quipe du conseil communal,&nbsp; l\u2019ensemble des acteurs impliqu\u00e9s dans l\u2019\u00e9laboration du plan d\u2019assainissement.&nbsp;\u00bb Il a profit\u00e9 de l\u2019occasion pour exhorter la population de s\u2019engager davantage pour un d\u00e9veloppement responsable et durable. Car quelques soient \u00ab&nbsp;les ressources si la population n\u2019adh\u00e8re pas rien peut marcher&nbsp;\u00bb pr\u00e9cise-t-il.<\/p>\n\n\n\n<p>A noter qu\u2019il aura des activit\u00e9s de sensibilisation de porte \u00e0 porte, des forums de rencontre communautaires afin d\u2019impliquer tout le monde \u00e0 des diff\u00e9rents niveaux avec la participation des leaders d\u2019opinion, des religieux \u2026 pour que tout le monde prenne conscience de l\u2019enjeu autour de l\u2019assainissement.<\/p>\n\n\n\n<p>Il faut que la ville de Lab\u00e9 soit \u00ab&nbsp;une ville propre, saine et verte&nbsp;\u00bb ajoute le maire.<\/p>\n","protected":false},"excerpt":{"rendered":"<p>Image: en action d&rsquo;assainissement le maire de Lab\u00e9 Une session d&rsquo;\u00e9laboration d&rsquo;un plan d&rsquo;assainissement et de gestion des d\u00e9chets (PAGD) horizon 2030 de la commune urbaine de Lab\u00e9 a lieu ce mercr\u00e9di 31 mai 2023 &nbsp;dans le cadre du Programme d&rsquo;Appui \u00e0 la Gouvernance des Organisations de la soci\u00e9t\u00e9 civile pour le D\u00e9veloppement Durable (PAGODD). [&hellip;]<\/p>\n","protected":false},"author":3,"featured_media":0,"comment_status":"open","ping_status":"open","sticky":false,"template":"","format":"standard","meta":{"saved_in_kubio":false,"footnotes":""},"categories":[3],"tags":[],"class_list":["post-2476","post","type-post","status-publish","format-standard","hentry","category-actualites"],"views":975,"_links":{"self":[{"href":"https:\/\/www.communelabe.org\/web\/wp-json\/wp\/v2\/posts\/2476","targetHints":{"allow":["GET"]}}],"collection":[{"href":"https:\/\/www.communelabe.org\/web\/wp-json\/wp\/v2\/posts"}],"about":[{"href":"https:\/\/www.communelabe.org\/web\/wp-json\/wp\/v2\/types\/post"}],"author":[{"embeddable":true,"href":"https:\/\/www.communelabe.org\/web\/wp-json\/wp\/v2\/users\/3"}],"replies":[{"embeddable":true,"href":"https:\/\/www.communelabe.org\/web\/wp-json\/wp\/v2\/comments?post=2476"}],"version-history":[{"count":3,"href":"https:\/\/www.communelabe.org\/web\/wp-json\/wp\/v2\/posts\/2476\/revisions"}],"predecessor-version":[{"id":2485,"href":"https:\/\/www.communelabe.org\/web\/wp-json\/wp\/v2\/posts\/2476\/revisions\/2485"}],"wp:attachment":[{"href":"https:\/\/www.communelabe.org\/web\/wp-json\/wp\/v2\/media?parent=2476"}],"wp:term":[{"taxonomy":"category","embeddable":true,"href":"https:\/\/www.communelabe.org\/web\/wp-json\/wp\/v2\/categories?post=2476"},{"taxonomy":"post_tag","embeddable":true,"href":"https:\/\/www.communelabe.org\/web\/wp-json\/wp\/v2\/tags?post=2476"}],"curies":[{"name":"wp","href":"https:\/\/api.w.org\/{rel}","templated":true}]}}