{"id":96,"date":"2021-01-15T00:43:03","date_gmt":"2021-01-14T23:43:03","guid":{"rendered":"https:\/\/www.communelabe.org\/web\/?p=96"},"modified":"2021-03-02T14:05:43","modified_gmt":"2021-03-02T13:05:43","slug":"mairie-de-labe-partage-dinformations-autour-des-projets-relatifs-a-la-mobilisation-des-recettes-communales-exercice-2021","status":"publish","type":"post","link":"https:\/\/www.communelabe.org\/web\/mairie-de-labe-partage-dinformations-autour-des-projets-relatifs-a-la-mobilisation-des-recettes-communales-exercice-2021\/","title":{"rendered":"Partage d&rsquo;informations autour des projets relatifs \u00e0 la mobilisation des&#8230;.."},"content":{"rendered":"\n<p>La mairie de labe \u00e0 organiser une rencontre ce jeudi 14 Javier  a la biblioth\u00e8que communale,   objectif,partager des informations autour des projets relatifs \u00e0 la mobilisation des recettes communales, exercice 2021, de la nouvelle approche de gestion des recettes communales de la mise en place d&rsquo;un \u00ab\u00a0cadre de concertation communal\u00a0\u00bb relatif \u00e0 la fiscalit\u00e9. Cette rencontre a connu la participation de tous les acteurs intervenants dans la fiscalit\u00e9 \u00e0 lab\u00e9 ( Mairie, Urbanisme, Sevice des Imp\u00f4ts, Service Pr\u00e9fectoral du D\u00e9veloppement, Soci\u00e9t\u00e9 Civile, Syndicats, March\u00e9\u2026).La modernisation de la gestion et l&rsquo;optimisation des recettes communales, au coeur de la pr\u00e9occupation de la mairie de lab\u00e9 en cette ann\u00e9e 2021. Merci encore aux partenaires techniques et financiers de la commune de lab\u00e9: SICOVAL, MEAE, AMBASSADE FRANCE, ONG \u00ab\u00a0Le Partenariat\u2026<\/p>\n","protected":false},"excerpt":{"rendered":"<p>Partage d&rsquo;informations autour des projets relatifs \u00e0 la mobilisation des&#8230;..<\/p>\n","protected":false},"author":1,"featured_media":97,"comment_status":"open","ping_status":"open","sticky":false,"template":"","format":"standard","meta":{"saved_in_kubio":false,"footnotes":""},"categories":[3],"tags":[],"class_list":["post-96","post","type-post","status-publish","format-standard","has-post-thumbnail","hentry","category-actualites"],"views":784,"_links":{"self":[{"href":"https:\/\/www.communelabe.org\/web\/wp-json\/wp\/v2\/posts\/96","targetHints":{"allow":["GET"]}}],"collection":[{"href":"https:\/\/www.communelabe.org\/web\/wp-json\/wp\/v2\/posts"}],"about":[{"href":"https:\/\/www.communelabe.org\/web\/wp-json\/wp\/v2\/types\/post"}],"author":[{"embeddable":true,"href":"https:\/\/www.communelabe.org\/web\/wp-json\/wp\/v2\/users\/1"}],"replies":[{"embeddable":true,"href":"https:\/\/www.communelabe.org\/web\/wp-json\/wp\/v2\/comments?post=96"}],"version-history":[{"count":5,"href":"https:\/\/www.communelabe.org\/web\/wp-json\/wp\/v2\/posts\/96\/revisions"}],"predecessor-version":[{"id":1122,"href":"https:\/\/www.communelabe.org\/web\/wp-json\/wp\/v2\/posts\/96\/revisions\/1122"}],"wp:featuredmedia":[{"embeddable":true,"href":"https:\/\/www.communelabe.org\/web\/wp-json\/wp\/v2\/media\/97"}],"wp:attachment":[{"href":"https:\/\/www.communelabe.org\/web\/wp-json\/wp\/v2\/media?parent=96"}],"wp:term":[{"taxonomy":"category","embeddable":true,"href":"https:\/\/www.communelabe.org\/web\/wp-json\/wp\/v2\/categories?post=96"},{"taxonomy":"post_tag","embeddable":true,"href":"https:\/\/www.communelabe.org\/web\/wp-json\/wp\/v2\/tags?post=96"}],"curies":[{"name":"wp","href":"https:\/\/api.w.org\/{rel}","templated":true}]}}